{"id":1461,"date":"2022-12-12T14:22:56","date_gmt":"2022-12-12T12:22:56","guid":{"rendered":"http:\/\/www.tampereenjudo.net\/vanha\/?p=1461"},"modified":"2022-12-12T14:22:59","modified_gmt":"2022-12-12T12:22:59","slug":"muistokirjoitus-pasi-luoma","status":"publish","type":"post","link":"http:\/\/www.tampereenjudo.net\/vanha\/2022\/12\/muistokirjoitus-pasi-luoma\/","title":{"rendered":"Muistokirjoitus &#8211; Pasi Luoma"},"content":{"rendered":"\n<figure class=\"wp-block-image size-large\"><img loading=\"lazy\" width=\"1024\" height=\"672\" src=\"http:\/\/www.tampereenjudo.net\/vanha\/wp-content\/uploads\/2022\/12\/pasi_luoma-1024x672.jpeg\" alt=\"\" class=\"wp-image-1462\" srcset=\"http:\/\/www.tampereenjudo.net\/vanha\/wp-content\/uploads\/2022\/12\/pasi_luoma-1024x672.jpeg 1024w, http:\/\/www.tampereenjudo.net\/vanha\/wp-content\/uploads\/2022\/12\/pasi_luoma-300x197.jpeg 300w, http:\/\/www.tampereenjudo.net\/vanha\/wp-content\/uploads\/2022\/12\/pasi_luoma-150x98.jpeg 150w, http:\/\/www.tampereenjudo.net\/vanha\/wp-content\/uploads\/2022\/12\/pasi_luoma-768x504.jpeg 768w, http:\/\/www.tampereenjudo.net\/vanha\/wp-content\/uploads\/2022\/12\/pasi_luoma-1536x1008.jpeg 1536w, http:\/\/www.tampereenjudo.net\/vanha\/wp-content\/uploads\/2022\/12\/pasi_luoma-87x57.jpeg 87w, http:\/\/www.tampereenjudo.net\/vanha\/wp-content\/uploads\/2022\/12\/pasi_luoma.jpeg 1600w\" sizes=\"(max-width: 1024px) 100vw, 1024px\" \/><figcaption>Kuva: Kalle Kiviniemi<\/figcaption><\/figure>\n\n\n\n<h2>Pasi Luoma oli suomalaisen judon suurisyd\u00e4minen vaikuttaja ja k\u00e4yt\u00e4nn\u00f6n toimija<\/h2>\n\n\n\n<p><em>Tampereen Judon perustajaj\u00e4sen, seuramme pitk\u00e4aikainen toiminnanjohtaja ja valmentaja kuoli \u00e4killisesti 7.12.2022. H\u00e4n oli syntynyt Karvialla 11.5.1958 ja oli kuollessaan 64-vuotias.<\/em><\/p>\n\n\n\n<p>Pasi Luoma oli pitk\u00e4n ja monipuolisen judouransa aikana Suomen judon merkitt\u00e4vi\u00e4 kantavia voimia ensin Tampereen Fusegissa ja seurojen yhdistymisen j\u00e4lkeen Tampereen Judossa. H\u00e4n edusti jo junioriaikana Suomea EM-kisoissa ja saavutti aikuisi\u00e4ll\u00e4 Pohjoismaiden mestaruuden vuonna 1980. Oman kilpauransa j\u00e4lkeen Pasi teki mittavan uran judovalmentajana ja seuratoimijana.<\/p>\n\n\n\n<p><br>Kilpajunioreiden valmennus ja ohjaaminen tuntuivat olevan Pasille syd\u00e4menasia, ja h\u00e4n toimi heid\u00e4n parissaan aktiivisesti el\u00e4m\u00e4ns\u00e4 loppuun asti. Kilpailumatkoilla Pasista saivat tukea ja turvaa sek\u00e4 oman ett\u00e4 naapuriseurojemme nuoret kisaajat. Toisaalta h\u00e4nen valmennusosaamisensa laaja-alaisuutta kuvaa hyvin se, ett\u00e4 h\u00e4n toimi my\u00f6s vuoden 2016 Rio de Janeiron olympialaisten ainoan suomalaisjudokan, Juho Reinvallin, henkil\u00f6kohtaisena valmentajana.<\/p>\n\n\n\n<p><br>Valmennustoiminnan ohella Pasi oli mukana oikeastaan kaikessa, mik\u00e4 liittyy judoon. Kaiken kokoisten kilpailujen j\u00e4rjest\u00e4minen sujui, olipa kyseess\u00e4 sitten seuran omat salikisat tai judon EM-kilpailut, kun Pasi oli j\u00e4rjestelyjen takuumiehen\u00e4. H\u00e4n toimi sek\u00e4 seuran ett\u00e4 Judoliiton hallituksissa, seuramme toiminnanjohtajana, p\u00e4\u00e4graduoijana sek\u00e4 monissa muissa t\u00e4rkeiss\u00e4 rooleissa. H\u00e4n oli avaamassa kansainv\u00e4lisi\u00e4 suhteita, joista hyvinkin tiiviiksi on muodostunut yhteisty\u00f6 Tampereen yst\u00e4vyyskaupungin, Viron Tarton, judon kanssa. On l\u00e4hes mahdotonta keksi\u00e4 judoon tai seuratoimintaan liittyv\u00e4\u00e4 teht\u00e4v\u00e4\u00e4, mit\u00e4 Pasi ei olisi hoitanut. N\u00e4iden toimien ohella h\u00e4n piti omaa judo-osaamistaan aktiivisesti yll\u00e4 osallistumalla s\u00e4\u00e4nn\u00f6llisesti koulutuksiin tatamilla paljain jaloin judogi p\u00e4\u00e4ll\u00e4.<\/p>\n\n\n\n<p><br>Tutustuin Pasiin ensimm\u00e4isen kerran 70-luvun puoliv\u00e4lin paikkeilla, kun aloitin judon Tampereen Fusegissa yhdeks\u00e4nvuotiaana. Muistikuvat lapsuusajoilta eiv\u00e4t ole kovin tarkkoja, mutta muistan Pasin jo silloin eritt\u00e4in pidettyn\u00e4 treenien vet\u00e4j\u00e4n\u00e4 ja henkil\u00f6n\u00e4, joka oli aidosti l\u00e4sn\u00e4 oppilaidensa tekemisiss\u00e4.<\/p>\n\n\n\n<p><br>Yst\u00e4vystyimme Pasin kanssa uudelleen, kun palasin tatamille pitk\u00e4n judotaukoni j\u00e4lkeen. Vaikka v\u00e4liss\u00e4 oli jopa vuosikymmeni\u00e4, h\u00e4n muisti v\u00e4litt\u00f6m\u00e4sti ja otti mukaan. H\u00e4nelt\u00e4 olen saanut sek\u00e4 tukea ett\u00e4 monia k\u00e4yt\u00e4nn\u00f6n vinkkej\u00e4 nykyisen judourani varrella. Pasi ei koskaan kehuskellut omilla saavutuksillaan. H\u00e4n oli aina muiden tukena. T\u00e4m\u00e4n vuoksi h\u00e4nen saavutuksiaan onkin vaikeaa luetella ja merkityst\u00e4\u00e4n mahdotonta yliarvioida. Pasi taisi omassa ty\u00f6ss\u00e4\u00e4n pit\u00e4\u00e4 palkitsevimpana sit\u00e4, kun h\u00e4n sai olla tukemassa junioriharrastajien kasvua ja n\u00e4hd\u00e4, kuinka monet ehk\u00e4 puutteellisistakin l\u00e4ht\u00f6kohdista huolimatta ovat judon avulla saaneet onnistumisia ja yst\u00e4vi\u00e4, ja ovat sit\u00e4 kautta nousseet el\u00e4m\u00e4ss\u00e4\u00e4n uudelle tasolle. Pasin poismenon my\u00f6t\u00e4 Suomen judoyhteis\u00f6 menetti yhden suuren roolimallin aivan liian aikaisin.<\/p>\n\n\n\n<p><\/p>\n\n\n\n<p>Jukka Heino<\/p>\n","protected":false},"excerpt":{"rendered":"<p>Pasi Luoma oli suomalaisen judon suurisyd\u00e4minen vaikuttaja ja k\u00e4yt\u00e4nn\u00f6n toimija Tampereen Judon perustajaj\u00e4sen, seuramme pitk\u00e4aikainen toiminnanjohtaja ja valmentaja kuoli \u00e4killisesti 7.12.2022. H\u00e4n oli syntynyt Karvialla 11.5.1958 ja oli kuollessaan 64-vuotias. Pasi Luoma oli pitk\u00e4n ja monipuolisen judouransa aikana Suomen judon merkitt\u00e4vi\u00e4 kantavia voimia ensin Tampereen Fusegissa ja seurojen yhdistymisen j\u00e4lkeen&#8230;<\/p>\n","protected":false},"author":1,"featured_media":0,"comment_status":"open","ping_status":"open","sticky":false,"template":"","format":"standard","meta":[],"categories":[1],"tags":[],"table_tags":[],"_links":{"self":[{"href":"http:\/\/www.tampereenjudo.net\/vanha\/wp-json\/wp\/v2\/posts\/1461"}],"collection":[{"href":"http:\/\/www.tampereenjudo.net\/vanha\/wp-json\/wp\/v2\/posts"}],"about":[{"href":"http:\/\/www.tampereenjudo.net\/vanha\/wp-json\/wp\/v2\/types\/post"}],"author":[{"embeddable":true,"href":"http:\/\/www.tampereenjudo.net\/vanha\/wp-json\/wp\/v2\/users\/1"}],"replies":[{"embeddable":true,"href":"http:\/\/www.tampereenjudo.net\/vanha\/wp-json\/wp\/v2\/comments?post=1461"}],"version-history":[{"count":1,"href":"http:\/\/www.tampereenjudo.net\/vanha\/wp-json\/wp\/v2\/posts\/1461\/revisions"}],"predecessor-version":[{"id":1463,"href":"http:\/\/www.tampereenjudo.net\/vanha\/wp-json\/wp\/v2\/posts\/1461\/revisions\/1463"}],"wp:attachment":[{"href":"http:\/\/www.tampereenjudo.net\/vanha\/wp-json\/wp\/v2\/media?parent=1461"}],"wp:term":[{"taxonomy":"category","embeddable":true,"href":"http:\/\/www.tampereenjudo.net\/vanha\/wp-json\/wp\/v2\/categories?post=1461"},{"taxonomy":"post_tag","embeddable":true,"href":"http:\/\/www.tampereenjudo.net\/vanha\/wp-json\/wp\/v2\/tags?post=1461"},{"taxonomy":"table_tags","embeddable":true,"href":"http:\/\/www.tampereenjudo.net\/vanha\/wp-json\/wp\/v2\/table_tags?post=1461"}],"curies":[{"name":"wp","href":"https:\/\/api.w.org\/{rel}","templated":true}]}}