{"id":1485,"date":"2022-12-24T15:53:57","date_gmt":"2022-12-24T13:53:57","guid":{"rendered":"http:\/\/www.tampereenjudo.net\/vanha\/?p=1485"},"modified":"2022-12-24T16:01:07","modified_gmt":"2022-12-24T14:01:07","slug":"hyvaa-joulua","status":"publish","type":"post","link":"http:\/\/www.tampereenjudo.net\/vanha\/2022\/12\/hyvaa-joulua\/","title":{"rendered":"PJ:n joulutervehdys"},"content":{"rendered":"\n<figure class=\"wp-block-image size-large is-resized\"><img loading=\"lazy\" src=\"http:\/\/www.tampereenjudo.net\/vanha\/wp-content\/uploads\/2022\/12\/Merry-Christmas-1-1024x726.jpg\" alt=\"\" class=\"wp-image-1486\" width=\"841\" height=\"596\" srcset=\"http:\/\/www.tampereenjudo.net\/vanha\/wp-content\/uploads\/2022\/12\/Merry-Christmas-1-1024x726.jpg 1024w, http:\/\/www.tampereenjudo.net\/vanha\/wp-content\/uploads\/2022\/12\/Merry-Christmas-1-300x213.jpg 300w, http:\/\/www.tampereenjudo.net\/vanha\/wp-content\/uploads\/2022\/12\/Merry-Christmas-1-150x106.jpg 150w, http:\/\/www.tampereenjudo.net\/vanha\/wp-content\/uploads\/2022\/12\/Merry-Christmas-1-768x545.jpg 768w, http:\/\/www.tampereenjudo.net\/vanha\/wp-content\/uploads\/2022\/12\/Merry-Christmas-1-1536x1090.jpg 1536w, http:\/\/www.tampereenjudo.net\/vanha\/wp-content\/uploads\/2022\/12\/Merry-Christmas-1-87x62.jpg 87w, http:\/\/www.tampereenjudo.net\/vanha\/wp-content\/uploads\/2022\/12\/Merry-Christmas-1.jpg 1748w\" sizes=\"(max-width: 841px) 100vw, 841px\" \/><\/figure>\n\n\n\n<p>Nyt vuoden l\u00e4hestyess\u00e4 loppuaan on hyv\u00e4 vet\u00e4\u00e4 yhteen mit\u00e4 kuluneen vuoden aikana on tapahtunut. Vuosi on ollut seuralle monin tavoin menestyksek\u00e4s.<\/p>\n\n\n\n<p>Kilpailupuolelta raportteja on ollut tarkoitus kirjoitella Instagramiin, mutta valitettavasti teknisten ongelmien takia monta raporttia on j\u00e4\u00e4nyt julkaisematta. Pahoittelut siit\u00e4. Kilpailullisesti vuosi oli kuitenkin huppumenestyksek\u00e4s. Aloitetaan veteraanipuolelta, miss\u00e4 Pasi Lauren edusti seuraa kullan arvoisesti niin EM- kuin MM-kisoissakin.<\/p>\n\n\n\n<p>Aikuisissa joukkueemme voitti SM-kultaa ja kultasarjaa t\u00e4ydensi yksil\u00f6sarjoissa Klaus Verlin. Seura-cupissa seuramme oli selv\u00e4 ykk\u00f6nen. P\u00e4\u00e4asiallinen kiitos nuorten tiikeriporukallemme ja aikuisissa Elviira Kujansuulle, joka menestyi hyvin my\u00f6s kansainv\u00e4lisiss\u00e4 kisoissa.<\/p>\n\n\n\n<p>Nuorista urheilijoistamme nostetaan erikseen Justus Ojanne kahdella SM-kullalla ja Teo Yliruusi yhdell\u00e4. My\u00f6s muut nuoret menestyiv\u00e4t kauden aikana erinomaisesti, mist\u00e4 seuracupin ykk\u00f6stilakin on osoituksena. Tulevaisuus n\u00e4ytt\u00e4\u00e4 siis silt\u00e4 osin erinomaiselta.<\/p>\n\n\n\n<p>Yhteisty\u00f6mme Lemp\u00e4\u00e4l\u00e4n Syokonkanin ja Nokian judon kanssa on jatkunut tiiviin\u00e4 ja tuloksellisena. Yhteisty\u00f6n ansiosta olemme voineet j\u00e4rjest\u00e4\u00e4 nuorillemme enemm\u00e4n ja laadukkaampia tapahtumia. Lis\u00e4ksi olemme yhteisty\u00f6ss\u00e4 kouluttaneet ohjaajiamme tarjotaksemme parempaa ohjausta ja valmennusta. Pitk\u00e4lti vahvan yhteisty\u00f6mme ansiosta olemmekin p\u00e4rj\u00e4nneet koronan aiheuttamien haasteiden keskell\u00e4 kohtuullisen hyvin. Jopa niin hyvin, ett\u00e4 olemme koronavuosien aikana nousseet sijalta nelj\u00e4 suomen suurimmaksi judoseuraksi.<\/p>\n\n\n\n<p>Haasteitakin toki korona edelleen aiheuttaa. Moni aktiivinen ohjaaja on koronan aikana siirtynyt toiminnasta sivuun, mik\u00e4 tietysti vaikeuttaa joidenkin ryhmien toimintaa. Ty\u00f6t\u00e4 siis edelleen riitt\u00e4\u00e4 ja sit\u00e4 my\u00f6s tehd\u00e4\u00e4n. Talkooty\u00f6n\u00e4 t\u00e4t\u00e4 toimintaa tehd\u00e4\u00e4n, niin jokaisen j\u00e4senen apu on tervetullutta. Oli se sitten miten pient\u00e4 tahansa.<\/p>\n\n\n\n<p>Vuosi p\u00e4\u00e4ttyy surullisissa merkeiss\u00e4, kun seuramme pitk\u00e4aikainen kantava voima, Pasi Luoma, menehtyi \u00e4killisesti. Pasi osoitti erityist\u00e4 rakkautta ja aitoa v\u00e4litt\u00e4mist\u00e4 toimiessaan nuorten parissa. Sen takia haluammekin omistaa tulevan vuoden ensimm\u00e4isen juniorikilpailun Pasin muistolle. Kilpailu j\u00e4rjestet\u00e4\u00e4n Tesomalla 21.1. Sarjoina U11 ja U13, jonka j\u00e4lkeen p\u00e4iv\u00e4 jatkuu Samurai Cup -kilpailulla.<\/p>\n\n\n\n<p>Hyv\u00e4\u00e4 joulunaikaa ja liikunnallista uutta vuotta!<\/p>\n\n\n\n<p><\/p>\n\n\n\n<p>t. PJ Antti<\/p>\n","protected":false},"excerpt":{"rendered":"<p>Nyt vuoden l\u00e4hestyess\u00e4 loppuaan on hyv\u00e4 vet\u00e4\u00e4 yhteen mit\u00e4 kuluneen vuoden aikana on tapahtunut. Vuosi on ollut seuralle monin tavoin menestyksek\u00e4s. Kilpailupuolelta raportteja on ollut tarkoitus kirjoitella Instagramiin, mutta valitettavasti teknisten ongelmien takia monta raporttia on j\u00e4\u00e4nyt julkaisematta. Pahoittelut siit\u00e4. Kilpailullisesti vuosi oli kuitenkin huppumenestyksek\u00e4s. Aloitetaan veteraanipuolelta, miss\u00e4 Pasi Lauren&#8230;<\/p>\n","protected":false},"author":1,"featured_media":0,"comment_status":"open","ping_status":"open","sticky":false,"template":"","format":"standard","meta":[],"categories":[1],"tags":[],"table_tags":[],"_links":{"self":[{"href":"http:\/\/www.tampereenjudo.net\/vanha\/wp-json\/wp\/v2\/posts\/1485"}],"collection":[{"href":"http:\/\/www.tampereenjudo.net\/vanha\/wp-json\/wp\/v2\/posts"}],"about":[{"href":"http:\/\/www.tampereenjudo.net\/vanha\/wp-json\/wp\/v2\/types\/post"}],"author":[{"embeddable":true,"href":"http:\/\/www.tampereenjudo.net\/vanha\/wp-json\/wp\/v2\/users\/1"}],"replies":[{"embeddable":true,"href":"http:\/\/www.tampereenjudo.net\/vanha\/wp-json\/wp\/v2\/comments?post=1485"}],"version-history":[{"count":3,"href":"http:\/\/www.tampereenjudo.net\/vanha\/wp-json\/wp\/v2\/posts\/1485\/revisions"}],"predecessor-version":[{"id":1489,"href":"http:\/\/www.tampereenjudo.net\/vanha\/wp-json\/wp\/v2\/posts\/1485\/revisions\/1489"}],"wp:attachment":[{"href":"http:\/\/www.tampereenjudo.net\/vanha\/wp-json\/wp\/v2\/media?parent=1485"}],"wp:term":[{"taxonomy":"category","embeddable":true,"href":"http:\/\/www.tampereenjudo.net\/vanha\/wp-json\/wp\/v2\/categories?post=1485"},{"taxonomy":"post_tag","embeddable":true,"href":"http:\/\/www.tampereenjudo.net\/vanha\/wp-json\/wp\/v2\/tags?post=1485"},{"taxonomy":"table_tags","embeddable":true,"href":"http:\/\/www.tampereenjudo.net\/vanha\/wp-json\/wp\/v2\/table_tags?post=1485"}],"curies":[{"name":"wp","href":"https:\/\/api.w.org\/{rel}","templated":true}]}}