{"id":1525,"date":"2023-02-26T22:33:13","date_gmt":"2023-02-26T20:33:13","guid":{"rendered":"http:\/\/www.tampereenjudo.net\/vanha\/?p=1525"},"modified":"2023-02-26T22:33:16","modified_gmt":"2023-02-26T20:33:16","slug":"jasenkirje-1-2023","status":"publish","type":"post","link":"http:\/\/www.tampereenjudo.net\/vanha\/2023\/02\/jasenkirje-1-2023\/","title":{"rendered":"J\u00e4senkirje 1\/2023"},"content":{"rendered":"\n<p>Kev\u00e4tkauden ensimm\u00e4inen kolmannes on jo judoiltu. Nyt helmi-maaliskuun vaihteessa talviloman ajan ker\u00e4t\u00e4\u00e4n voimia seuraavaan kolmannekseen. Talvilomas\u00e4\u00e4 n\u00e4ytt\u00e4\u00e4 upealta, nautitaan siit\u00e4!<\/p>\n\n\n\n<p>Talvilomaviikolla 27.2.-5.3. budo4-sali on varattu judokoille ma-to klo 18:30-20 sek\u00e4 sunnuntaina klo 12-15. Viikon ainoat ohjatut harjoitukset pidet\u00e4\u00e4n tiistaina ja torstaina klo 18:30-20:00 (harrastejudo ja aikuisten peruskurssi). Jos tatamivarvasta kutittaa, niin salissa n\u00e4kyy olevan runsaasti vapaata my\u00f6s muina aikoina. Kilauta kaveri mukaan ja menk\u00e4\u00e4 tatamille! Tehty treeni on paras treeni. Talviloman j\u00e4lkeen harjoitukset jatkuvat tutun aikataulun mukaan. Voit tarkistaa vuorot nettisivuilla olevasta kalenterista.<\/p>\n\n\n\n<div class=\"wp-block-image\"><figure class=\"aligncenter size-medium\"><img loading=\"lazy\" width=\"300\" height=\"200\" src=\"http:\/\/www.tampereenjudo.net\/vanha\/wp-content\/uploads\/2023\/02\/Kaulusuote_Taina-Saha-1-300x200.jpg\" alt=\"\" class=\"wp-image-1528\" srcset=\"http:\/\/www.tampereenjudo.net\/vanha\/wp-content\/uploads\/2023\/02\/Kaulusuote_Taina-Saha-1-300x200.jpg 300w, http:\/\/www.tampereenjudo.net\/vanha\/wp-content\/uploads\/2023\/02\/Kaulusuote_Taina-Saha-1-1024x683.jpg 1024w, http:\/\/www.tampereenjudo.net\/vanha\/wp-content\/uploads\/2023\/02\/Kaulusuote_Taina-Saha-1-150x100.jpg 150w, http:\/\/www.tampereenjudo.net\/vanha\/wp-content\/uploads\/2023\/02\/Kaulusuote_Taina-Saha-1-768x512.jpg 768w, http:\/\/www.tampereenjudo.net\/vanha\/wp-content\/uploads\/2023\/02\/Kaulusuote_Taina-Saha-1-1536x1024.jpg 1536w, http:\/\/www.tampereenjudo.net\/vanha\/wp-content\/uploads\/2023\/02\/Kaulusuote_Taina-Saha-1-2048x1365.jpg 2048w, http:\/\/www.tampereenjudo.net\/vanha\/wp-content\/uploads\/2023\/02\/Kaulusuote_Taina-Saha-1-87x58.jpg 87w\" sizes=\"(max-width: 300px) 100vw, 300px\" \/><\/figure><\/div>\n\n\n\n<p>Lomaviikko huipentuu <a href=\"https:\/\/lempaala.ideapark.fi\/tapahtumat\/judon-sm-viikonloppu\/\">judokisojen viikonloppuun<\/a> Ideaparkissa. Lauantaina 4.3. kisataan aikuisten SM-titteleist\u00e4 sek\u00e4 juniorien Ideapark Shiaissa. Sunnuntaina 5.3. on nuorten SM-taiston aika. Tampereen Judon edustajia n\u00e4hd\u00e4\u00e4n kaikissa kilpailuissa. Menn\u00e4\u00e4n kannustamaan omamme palkintopallille! Kilpailut j\u00e4rjest\u00e4\u00e4 Orimattilan judoseura.<\/p>\n\n\n\n<figure class=\"wp-block-embed is-type-wp-embed is-provider-ideapark-lempaala wp-block-embed-ideapark-lempaala\"><div class=\"wp-block-embed__wrapper\">\n<blockquote class=\"wp-embedded-content\" data-secret=\"wR048O3uoU\"><a href=\"https:\/\/lempaala.ideapark.fi\/tapahtumat\/judon-sm-viikonloppu\/\">Judon SM-viikonloppu<\/a><\/blockquote><iframe class=\"wp-embedded-content\" sandbox=\"allow-scripts\" security=\"restricted\" style=\"position: absolute; clip: rect(1px, 1px, 1px, 1px);\" title=\"&#8221;Judon SM-viikonloppu&#8221; &#8212; Ideapark Lemp\u00e4\u00e4l\u00e4\" src=\"https:\/\/lempaala.ideapark.fi\/tapahtumat\/judon-sm-viikonloppu\/embed\/#?secret=kFcI5HFx0A#?secret=wR048O3uoU\" data-secret=\"wR048O3uoU\" width=\"600\" height=\"338\" frameborder=\"0\" marginwidth=\"0\" marginheight=\"0\" scrolling=\"no\"><\/iframe>\n<\/div><\/figure>\n\n\n\n<p>Maaliskuu on todellinen kata-kuukausi. P\u00e4\u00e4set itse treenaamaan kataa seuran omissa treeneiss\u00e4 (11.3. ja 25.3.) sek\u00e4 Judoliiton kata-leirill\u00e4 (19.3.) Lis\u00e4ksi p\u00e4\u00e4set seuraamaan Suomen kata-parhaimmistoa la 18.3. seuramme j\u00e4rjest\u00e4m\u00e4ss\u00e4 kansallisessa kata-kilpailussa. Kilpailu alkaa klo 11. Tule katsomaan tai kisaamaan! Etenkin 1.kyu ja ylempiin vy\u00f6kokeisiin menij\u00f6iden kannattaa k\u00e4yd\u00e4 osallistumassa kisaan &#8211; tuomareilta saatte oikean palautteen katastanne. Ilmoittaudu kisaan osoitteessa <a rel=\"noreferrer noopener\" href=\"https:\/\/judokisa.fi\/\" target=\"_blank\">judokisa.fi<\/a><\/p>\n\n\n\n<ul><li>la 11.3. klo 14:30-16 nage-no-kata treeni N\u00e4\u00e4shallilla, Alvaro<\/li><li>la 18.3. klo 11 alkaen kansallinen <a href=\"https:\/\/judokisa.fi\/\">kata-kilpailu<\/a> N\u00e4\u00e4shallilla<\/li><li>su 19.3. klo 10-16 <a rel=\"noreferrer noopener\" href=\"https:\/\/judo.fi\/tapahtuma-yksittainen\/?id=684702\" target=\"_blank\">kata koulutus<\/a> N\u00e4\u00e4shallilla, nage-no ja kime-no (Judoliiton virallinen leirip\u00e4iv\u00e4, ilmoittautuminen SuomiSportissa)<\/li><li>25.3. klo 14:30-16 nage-no-kata treeni N\u00e4\u00e4shallilla, Alvaro<\/li><\/ul>\n\n\n\n<div class=\"wp-block-image\"><figure class=\"aligncenter size-medium\"><img loading=\"lazy\" width=\"218\" height=\"300\" src=\"http:\/\/www.tampereenjudo.net\/vanha\/wp-content\/uploads\/2022\/08\/IMG-20220805-WA0005-218x300.jpg\" alt=\"\" class=\"wp-image-1306\" srcset=\"http:\/\/www.tampereenjudo.net\/vanha\/wp-content\/uploads\/2022\/08\/IMG-20220805-WA0005-218x300.jpg 218w, http:\/\/www.tampereenjudo.net\/vanha\/wp-content\/uploads\/2022\/08\/IMG-20220805-WA0005-746x1024.jpg 746w, http:\/\/www.tampereenjudo.net\/vanha\/wp-content\/uploads\/2022\/08\/IMG-20220805-WA0005-109x150.jpg 109w, http:\/\/www.tampereenjudo.net\/vanha\/wp-content\/uploads\/2022\/08\/IMG-20220805-WA0005-768x1055.jpg 768w, http:\/\/www.tampereenjudo.net\/vanha\/wp-content\/uploads\/2022\/08\/IMG-20220805-WA0005-1118x1536.jpg 1118w, http:\/\/www.tampereenjudo.net\/vanha\/wp-content\/uploads\/2022\/08\/IMG-20220805-WA0005-49x67.jpg 49w, http:\/\/www.tampereenjudo.net\/vanha\/wp-content\/uploads\/2022\/08\/IMG-20220805-WA0005.jpg 1165w\" sizes=\"(max-width: 218px) 100vw, 218px\" \/><\/figure><\/div>\n\n\n\n<p>Kev\u00e4\u00e4n vy\u00f6kokeet pidet\u00e4\u00e4n toukokuun puoliv\u00e4liss\u00e4,. Vy\u00f6kokeesta tulee tarkempaa tietoa p\u00e4\u00e4si\u00e4isen tienoilla. <strong>Erityisesti kaikki valkov\u00f6iset, kolminatsaiset muksu\/juniorijudokat huomio!!! <\/strong>K\u00e4yk\u00e4\u00e4 kev\u00e4\u00e4n aikana v\u00e4hint\u00e4\u00e4n nelj\u00e4 kertaa junnujen ti\/to treeneiss\u00e4 (N\u00e4\u00e4shalli budo4, ti ja to klo 17-18:30). Junnutreeneiss\u00e4 saatte tehokasta treeni\u00e4 vy\u00f6koetta varten ja arvokasta kokemusta judopolun jatkosta!<\/p>\n\n\n\n<p>Rentouttavaa talvilomaa kaikille!<\/p>\n","protected":false},"excerpt":{"rendered":"<p>Kev\u00e4tkauden ensimm\u00e4inen kolmannes on jo judoiltu. Nyt helmi-maaliskuun vaihteessa talviloman ajan ker\u00e4t\u00e4\u00e4n voimia seuraavaan kolmannekseen. Talvilomas\u00e4\u00e4 n\u00e4ytt\u00e4\u00e4 upealta, nautitaan siit\u00e4! Talvilomaviikolla 27.2.-5.3. budo4-sali on varattu judokoille ma-to klo 18:30-20 sek\u00e4 sunnuntaina klo 12-15. Viikon ainoat ohjatut harjoitukset pidet\u00e4\u00e4n tiistaina ja torstaina klo 18:30-20:00 (harrastejudo ja aikuisten peruskurssi). Jos tatamivarvasta kutittaa,&#8230;<\/p>\n","protected":false},"author":4,"featured_media":0,"comment_status":"open","ping_status":"open","sticky":false,"template":"","format":"standard","meta":[],"categories":[1],"tags":[],"table_tags":[],"_links":{"self":[{"href":"http:\/\/www.tampereenjudo.net\/vanha\/wp-json\/wp\/v2\/posts\/1525"}],"collection":[{"href":"http:\/\/www.tampereenjudo.net\/vanha\/wp-json\/wp\/v2\/posts"}],"about":[{"href":"http:\/\/www.tampereenjudo.net\/vanha\/wp-json\/wp\/v2\/types\/post"}],"author":[{"embeddable":true,"href":"http:\/\/www.tampereenjudo.net\/vanha\/wp-json\/wp\/v2\/users\/4"}],"replies":[{"embeddable":true,"href":"http:\/\/www.tampereenjudo.net\/vanha\/wp-json\/wp\/v2\/comments?post=1525"}],"version-history":[{"count":1,"href":"http:\/\/www.tampereenjudo.net\/vanha\/wp-json\/wp\/v2\/posts\/1525\/revisions"}],"predecessor-version":[{"id":1529,"href":"http:\/\/www.tampereenjudo.net\/vanha\/wp-json\/wp\/v2\/posts\/1525\/revisions\/1529"}],"wp:attachment":[{"href":"http:\/\/www.tampereenjudo.net\/vanha\/wp-json\/wp\/v2\/media?parent=1525"}],"wp:term":[{"taxonomy":"category","embeddable":true,"href":"http:\/\/www.tampereenjudo.net\/vanha\/wp-json\/wp\/v2\/categories?post=1525"},{"taxonomy":"post_tag","embeddable":true,"href":"http:\/\/www.tampereenjudo.net\/vanha\/wp-json\/wp\/v2\/tags?post=1525"},{"taxonomy":"table_tags","embeddable":true,"href":"http:\/\/www.tampereenjudo.net\/vanha\/wp-json\/wp\/v2\/table_tags?post=1525"}],"curies":[{"name":"wp","href":"https:\/\/api.w.org\/{rel}","templated":true}]}}