{"id":557,"date":"2021-04-23T17:27:13","date_gmt":"2021-04-23T14:27:13","guid":{"rendered":"http:\/\/www.tampereenjudo.net\/vanha\/?p=557"},"modified":"2021-04-23T18:52:30","modified_gmt":"2021-04-23T15:52:30","slug":"kevatliittokokouksen-materiaalit-julki","status":"publish","type":"post","link":"http:\/\/www.tampereenjudo.net\/vanha\/2021\/04\/kevatliittokokouksen-materiaalit-julki\/","title":{"rendered":"Kev\u00e4tliittokokouksen materiaalit julki"},"content":{"rendered":"\n<p>Judoliiton kev\u00e4tliittokokouksen materiaali on julkaistu. <a href=\"https:\/\/www.judoliitto.fi\/judoliitto\/materiaalit\/poytakirjat\/kevatliittokokous-17.4-vantaa\/\" target=\"_blank\" rel=\"noreferrer noopener\">https:\/\/www.judoliitto.fi\/judoliitto\/materiaalit\/poytakirjat\/kevatliittokokous-17.4-vantaa\/<\/a><\/p>\n\n\n\n<p>Saadun palautteen perusteella on materiaalista syntynyt v\u00e4\u00e4rink\u00e4sitys seuramme kannasta liiton hallituksen ajamiin uudistuksiin, mink\u00e4 haluaisin t\u00e4ss\u00e4 oikaista.<\/p>\n\n\n\n<p>Tiedostamme tarpeen liiton hallituksen ajamille uudistuksille ja haluamme antaa heille ty\u00f6rauhan toteuttaa visiotaan. K\u00e4vimme seuran johtokunnan kokouksessa asiaa l\u00e4pi ja teimme p\u00e4\u00e4t\u00f6ksen Lahden judoseuran esityksest\u00e4 perustaa uudelleen Judoliiton toiminnanjohtajan virka. P\u00e4\u00e4t\u00f6s oleelliselta osalta kuuluu n\u00e4in:<br>\u201dP\u00e4\u00e4tettiin, ett\u00e4 Tampereen Judo ry. \u00e4\u00e4nest\u00e4\u00e4 Lahden judoseuran esityst\u00e4 vastaan, eli Tampereen Judo<br>ry:n mielest\u00e4 toiminnanjohtajan teht\u00e4v\u00e4\u00e4 ei pid\u00e4 perustaa uudelleen.\u201d<\/p>\n\n\n\n<p>T\u00e4m\u00e4 kanta p\u00e4tee edelleen, eik\u00e4 ole muuttunut mihink\u00e4\u00e4n. V\u00e4\u00e4rink\u00e4sitys on syntynyt, koska kokouksessa yll\u00e4tt\u00e4en, kun Lahden esityksen k\u00e4sittelyvuoro olisi ollut, esitettiin sen ohittamista kokonaan. P\u00e4\u00e4dyttiin tilanteeseen, jossa \u00e4\u00e4nestettiin siit\u00e4 k\u00e4sitell\u00e4\u00e4nk\u00f6 kyseist\u00e4 kohtaa lainkaan, vaikka se oli asianmukaisesti asialistalle tuotu ja jo kertaalleen kokouksessa hyv\u00e4ksytty. T\u00e4llainen vaihtoehto ei ollut tullut edes mieleen, joten p\u00e4\u00e4dyin siihen ett\u00e4 asia tulisi k\u00e4sitell\u00e4 kuten oli jo sovittu. Kokouksessa ilmaisin kantamme suullisesti, mik\u00e4 oli siis, ett\u00e4 tuemme hallitusta, mutta mielest\u00e4ni selvint\u00e4 olisi k\u00e4sitell\u00e4 asia.<\/p>\n\n\n\n<p>Seuramme ei siis ole vastustamassa muutoksia, vaan pikemminkin p\u00e4invastoin haluamme olla kulkemassa eturintamassa kehitt\u00e4m\u00e4ss\u00e4 Suomen judoa eteenp\u00e4in.<\/p>\n\n\n\n<p>Terveisin puheenjohtaja<\/p>\n","protected":false},"excerpt":{"rendered":"<p>Judoliiton kev\u00e4tliittokokouksen materiaali on julkaistu. https:\/\/www.judoliitto.fi\/judoliitto\/materiaalit\/poytakirjat\/kevatliittokokous-17.4-vantaa\/ Saadun palautteen perusteella on materiaalista syntynyt v\u00e4\u00e4rink\u00e4sitys seuramme kannasta liiton hallituksen ajamiin uudistuksiin, mink\u00e4 haluaisin t\u00e4ss\u00e4 oikaista. Tiedostamme tarpeen liiton hallituksen ajamille uudistuksille ja haluamme antaa heille ty\u00f6rauhan toteuttaa visiotaan. K\u00e4vimme seuran johtokunnan kokouksessa asiaa l\u00e4pi ja teimme p\u00e4\u00e4t\u00f6ksen Lahden judoseuran esityksest\u00e4 perustaa uudelleen&#8230;<\/p>\n","protected":false},"author":1,"featured_media":0,"comment_status":"open","ping_status":"open","sticky":false,"template":"","format":"standard","meta":[],"categories":[1],"tags":[],"table_tags":[],"_links":{"self":[{"href":"http:\/\/www.tampereenjudo.net\/vanha\/wp-json\/wp\/v2\/posts\/557"}],"collection":[{"href":"http:\/\/www.tampereenjudo.net\/vanha\/wp-json\/wp\/v2\/posts"}],"about":[{"href":"http:\/\/www.tampereenjudo.net\/vanha\/wp-json\/wp\/v2\/types\/post"}],"author":[{"embeddable":true,"href":"http:\/\/www.tampereenjudo.net\/vanha\/wp-json\/wp\/v2\/users\/1"}],"replies":[{"embeddable":true,"href":"http:\/\/www.tampereenjudo.net\/vanha\/wp-json\/wp\/v2\/comments?post=557"}],"version-history":[{"count":2,"href":"http:\/\/www.tampereenjudo.net\/vanha\/wp-json\/wp\/v2\/posts\/557\/revisions"}],"predecessor-version":[{"id":560,"href":"http:\/\/www.tampereenjudo.net\/vanha\/wp-json\/wp\/v2\/posts\/557\/revisions\/560"}],"wp:attachment":[{"href":"http:\/\/www.tampereenjudo.net\/vanha\/wp-json\/wp\/v2\/media?parent=557"}],"wp:term":[{"taxonomy":"category","embeddable":true,"href":"http:\/\/www.tampereenjudo.net\/vanha\/wp-json\/wp\/v2\/categories?post=557"},{"taxonomy":"post_tag","embeddable":true,"href":"http:\/\/www.tampereenjudo.net\/vanha\/wp-json\/wp\/v2\/tags?post=557"},{"taxonomy":"table_tags","embeddable":true,"href":"http:\/\/www.tampereenjudo.net\/vanha\/wp-json\/wp\/v2\/table_tags?post=557"}],"curies":[{"name":"wp","href":"https:\/\/api.w.org\/{rel}","templated":true}]}}